{"id":2131,"date":"2015-03-05T23:24:22","date_gmt":"2015-03-05T22:24:22","guid":{"rendered":"http:\/\/www.sauveteurs-chene-bourg.ch\/sitewordpress\/?p=2131"},"modified":"2024-02-09T21:30:05","modified_gmt":"2024-02-09T20:30:05","slug":"joyeux-anniversaires-2015","status":"publish","type":"post","link":"https:\/\/www.sauveteurs-chene-bourg.ch\/sitewordpress\/joyeux-anniversaires-2015\/","title":{"rendered":"Joyeux anniversaires 2015"},"content":{"rendered":"<p>Toute la<strong> Compagnie<\/strong> vous souhaite un joyeux anniversaire&nbsp;:<\/p>\n<p>Pr\u00e9t\u00f4t Claude 30 ans<br \/>\nProngu\u00e9 Samuel 30 ans<br \/>\nSoares Rom\u00e9o 40 ans<br \/>\nFerreira Lino 45 ans<br \/>\nDe Alm\u00e9dia Gilberto 45 ans<br \/>\nDe Moura Jorge 50 ans<br \/>\nMonteiro Jos\u00e9 50 ans<br \/>\nMaoui Mehdi 65 ans<br \/>\nLazzarronni R\u00e9nato 65 ans<br \/>\nHamon Daniel 70 ans<br \/>\nFarine Roger 80 ans<br \/>\nLeidner Heinz 80 ans<br \/>\nThi\u00e9mard Georges 85 ans<\/p>\n","protected":false},"excerpt":{"rendered":"<p>Toute la Compagnie vous souhaite un joyeux anniversaire&nbsp;: Pr\u00e9t\u00f4t Claude 30 ans Prongu\u00e9 Samuel 30 ans Soares Rom\u00e9o 40 ans Ferreira Lino 45 ans De Alm\u00e9dia Gilberto 45 ans De Moura Jorge 50 ans Monteiro Jos\u00e9 50 ans Maoui Mehdi 65 ans Lazzarronni R\u00e9nato 65 ans Hamon Daniel 70 ans Farine Roger 80 ans Leidner [&hellip;]<\/p>\n","protected":false},"author":1,"featured_media":6389,"comment_status":"closed","ping_status":"closed","sticky":false,"template":"","format":"standard","meta":{"ngg_post_thumbnail":0,"footnotes":""},"categories":[6,10],"tags":[],"class_list":["post-2131","post","type-post","status-publish","format-standard","has-post-thumbnail","hentry","category-anniversaires","category-10"],"_links":{"self":[{"href":"https:\/\/www.sauveteurs-chene-bourg.ch\/sitewordpress\/wp-json\/wp\/v2\/posts\/2131","targetHints":{"allow":["GET"]}}],"collection":[{"href":"https:\/\/www.sauveteurs-chene-bourg.ch\/sitewordpress\/wp-json\/wp\/v2\/posts"}],"about":[{"href":"https:\/\/www.sauveteurs-chene-bourg.ch\/sitewordpress\/wp-json\/wp\/v2\/types\/post"}],"author":[{"embeddable":true,"href":"https:\/\/www.sauveteurs-chene-bourg.ch\/sitewordpress\/wp-json\/wp\/v2\/users\/1"}],"replies":[{"embeddable":true,"href":"https:\/\/www.sauveteurs-chene-bourg.ch\/sitewordpress\/wp-json\/wp\/v2\/comments?post=2131"}],"version-history":[{"count":1,"href":"https:\/\/www.sauveteurs-chene-bourg.ch\/sitewordpress\/wp-json\/wp\/v2\/posts\/2131\/revisions"}],"predecessor-version":[{"id":2132,"href":"https:\/\/www.sauveteurs-chene-bourg.ch\/sitewordpress\/wp-json\/wp\/v2\/posts\/2131\/revisions\/2132"}],"wp:featuredmedia":[{"embeddable":true,"href":"https:\/\/www.sauveteurs-chene-bourg.ch\/sitewordpress\/wp-json\/wp\/v2\/media\/6389"}],"wp:attachment":[{"href":"https:\/\/www.sauveteurs-chene-bourg.ch\/sitewordpress\/wp-json\/wp\/v2\/media?parent=2131"}],"wp:term":[{"taxonomy":"category","embeddable":true,"href":"https:\/\/www.sauveteurs-chene-bourg.ch\/sitewordpress\/wp-json\/wp\/v2\/categories?post=2131"},{"taxonomy":"post_tag","embeddable":true,"href":"https:\/\/www.sauveteurs-chene-bourg.ch\/sitewordpress\/wp-json\/wp\/v2\/tags?post=2131"}],"curies":[{"name":"wp","href":"https:\/\/api.w.org\/{rel}","templated":true}]}}